{"id":2459,"date":"2016-06-07T23:28:58","date_gmt":"2016-06-07T23:28:58","guid":{"rendered":"http:\/\/www.phuturama.de\/?p=2459"},"modified":"2017-08-10T10:51:48","modified_gmt":"2017-08-10T10:51:48","slug":"die-dritte-kraft-perry-rhodan-zum-80","status":"publish","type":"post","link":"http:\/\/www.phuturama.de\/?p=2459","title":{"rendered":"\u00bbPerry for President!\u00ab \u2013 Perry Rhodan zum 80!"},"content":{"rendered":"<div id=\"attachment_2460\" style=\"width: 479px\" class=\"wp-caption alignnone\"><a href=\"http:\/\/www.phuturama.de\/wp-content\/uploads\/2016\/06\/PR_80_TIME_800.png\"><img aria-describedby=\"caption-attachment-2460\" decoding=\"async\" loading=\"lazy\" class=\"size-medium wp-image-2460\" title=\"PR_80_TIME_800\" src=\"http:\/\/www.phuturama.de\/wp-content\/uploads\/2016\/06\/PR_80_TIME_800-469x630.png\" alt=\"\u00bbWhen reality is crying out for a white knight to enter the fray and save the day.\u00ab\" width=\"469\" height=\"630\" srcset=\"http:\/\/www.phuturama.de\/wp-content\/uploads\/2016\/06\/PR_80_TIME_800-469x630.png 469w, http:\/\/www.phuturama.de\/wp-content\/uploads\/2016\/06\/PR_80_TIME_800.png 595w\" sizes=\"(max-width: 469px) 100vw, 469px\" \/><\/a><p id=\"caption-attachment-2460\" class=\"wp-caption-text\">PR80: \u00bbWhen reality is crying out for a white knight to enter the fray and save the day.\u00ab<\/p><\/div>\n<p><strong>Heute am 8. Juni 2016 wird der fiktionale Namensgeber der PERRY RHODAN-Serie\u00a080 Jahre alt. Perry T. Rhodan wurde am 8. Juni 1936 geboren. Vor einigen Wochen fragte Chefredakteur Klaus N. Frick, ob zeichnerseits jemand eine Idee habe, sich an diesem runden Geburtstag des Helden zu beteiligen.<\/strong><\/p>\n<p>Das hat mich veranlasst, eine Idee zu verwirklichen, die ich schon lange hege. Wie w\u00e4ren die Ereignisse um Perry Rhodans Mondlandung und die Gr\u00fcndung des Mini-Staats Dritte Macht von den Medien damals aufgegriffen worden? W\u00e4re Perry <em>TIME-<\/em>Magazines <em>Man of the Year 1971<\/em> geworden? Was h\u00e4tte <em>DER SPIEGEL<\/em> getitelt?<\/p>\n<p>Jetzt soll er \u2013 wieder einmal!? \u2013 seine Titelstory in <em>TIME<\/em> bekommen. Aus aktuellem Anlass \u2013 und nicht unbedingt wegen des runden Geburtstags. Meine Illustration zu Perrys 80. hat einen Twist. Ich wollte ein naturalistisches Perry-Portr\u00e4t, wie wir es noch nicht kennen \u2013 n\u00e4mlich als real gealterten 80-J\u00e4hrigen!<\/p>\n<p>Dahinter steht eine\u00a0<em>What-if<\/em>-Idee: Was w\u00e4re, wenn Perry einfach wirklich \u203anur\u2039 der Neil Armstrong des Perryversums w\u00e4re. Als erster Mensch auf dem Mond gelandet und wie geplant zur\u00fcck gekehrt w\u00e4re. Ohne Arkoniden-Begegnung; denn eine \u00c6TRON mit Deflektorschildern h\u00e4tte sich von primitiven Weltraumexpeditionen einfach nicht zu einem Abschuss herab gelassen.<\/p>\n<p>Aber weil Ex-Astronaut Perry Rhodan Charisma und politische Ambitionen hat, w\u00e4re er als langj\u00e4hriger parteiunabh\u00e4ngiger Senator von Connecticut eine bedeutende Figur der US-Politik geworden. Jetzt zum 80. kr\u00f6nt er seine politische Laufbahn, indem er als unabh\u00e4ngiger Kandidat f\u00fcr die US-Pr\u00e4sidentschaft 2016 antritt, um wen zu verhindern \u2026?<\/p>\n<p>Herzlichen Dank an KNF und die PERRY RHODAN-Redaktion, die meine Idee so positiv aufgenommen haben.<\/p>\n<p>Ein besonderer Dank geht an die unglaublich akribische \u00dcbersetzungsleistung von Leslie Dunton-Downer <a title=\"Leslie Dunton-Downer bei Simon &amp; Schuster\" href=\"http:\/\/authors.simonandschuster.com\/Leslie-Dunton-Downer\/68232277\" target=\"_blank\">[1]<\/a>, die sich die M\u00fche gemacht hat, sechs von mir nat\u00fcrlich irgendwie haarscharf daneben getextete englische Vorschl\u00e4ge in ein realistisches <em>TIME-<\/em>titelw\u00fcrdiges Format zu bringen!<\/p>\n<p>Leslie hat mir dar\u00fcberhinaus noch etwas mitgegeben, das ich hier gerne zitieren m\u00f6chte:<\/p>\n<blockquote><p>\u00bbI wish Rhodan were actually entering the presidential race! I guess this is the magic of sci-fi fictions and comic books etc.: the fantasies they fulfill are all the more electrifying when reality is crying out for a white knight to enter the fray and save the day.\u00ab<\/p><\/blockquote>\n<p><a href=\"http:\/\/authors.simonandschuster.com\/Leslie-Dunton-Downer\/68232277\">[1] Leslie Dunton-Downer bei Simon &amp; Schuster<\/a><\/p>\n","protected":false},"excerpt":{"rendered":"<p>Heute am 8. Juni 2016 wird der fiktionale Namensgeber der PERRY RHODAN-Serie\u00a080 Jahre alt. Perry T. Rhodan wurde am 8. Juni 1936 geboren. Vor einigen Wochen fragte Chefredakteur Klaus N. Frick, ob zeichnerseits jemand eine Idee habe, sich an diesem runden Geburtstag des Helden zu beteiligen. Das hat mich veranlasst, eine Idee zu verwirklichen, die [&hellip;]<\/p>\n","protected":false},"author":3,"featured_media":0,"comment_status":"open","ping_status":"open","sticky":false,"template":"","format":"standard","meta":[],"categories":[7,14,16,19,18],"tags":[],"_links":{"self":[{"href":"http:\/\/www.phuturama.de\/index.php?rest_route=\/wp\/v2\/posts\/2459"}],"collection":[{"href":"http:\/\/www.phuturama.de\/index.php?rest_route=\/wp\/v2\/posts"}],"about":[{"href":"http:\/\/www.phuturama.de\/index.php?rest_route=\/wp\/v2\/types\/post"}],"author":[{"embeddable":true,"href":"http:\/\/www.phuturama.de\/index.php?rest_route=\/wp\/v2\/users\/3"}],"replies":[{"embeddable":true,"href":"http:\/\/www.phuturama.de\/index.php?rest_route=%2Fwp%2Fv2%2Fcomments&post=2459"}],"version-history":[{"count":22,"href":"http:\/\/www.phuturama.de\/index.php?rest_route=\/wp\/v2\/posts\/2459\/revisions"}],"predecessor-version":[{"id":2587,"href":"http:\/\/www.phuturama.de\/index.php?rest_route=\/wp\/v2\/posts\/2459\/revisions\/2587"}],"wp:attachment":[{"href":"http:\/\/www.phuturama.de\/index.php?rest_route=%2Fwp%2Fv2%2Fmedia&parent=2459"}],"wp:term":[{"taxonomy":"category","embeddable":true,"href":"http:\/\/www.phuturama.de\/index.php?rest_route=%2Fwp%2Fv2%2Fcategories&post=2459"},{"taxonomy":"post_tag","embeddable":true,"href":"http:\/\/www.phuturama.de\/index.php?rest_route=%2Fwp%2Fv2%2Ftags&post=2459"}],"curies":[{"name":"wp","href":"https:\/\/api.w.org\/{rel}","templated":true}]}}