{"id":2192,"date":"2012-10-09T16:42:08","date_gmt":"2012-10-09T16:42:08","guid":{"rendered":"http:\/\/www.phuturama.de\/?p=2192"},"modified":"2012-11-06T14:30:41","modified_gmt":"2012-11-06T14:30:41","slug":"analog-is-the-new-digital-ein-funkchen-zukunft-fur-frankfurt","status":"publish","type":"post","link":"http:\/\/www.phuturama.de\/?p=2192","title":{"rendered":"&#8220;Analog is the new digital&#8221; \u2013 Ein F\u00fcnkchen Zukunft f\u00fcr Frankfurt"},"content":{"rendered":"<p><object width=\"469\" height=\"352\" classid=\"clsid:d27cdb6e-ae6d-11cf-96b8-444553540000\" codebase=\"http:\/\/download.macromedia.com\/pub\/shockwave\/cabs\/flash\/swflash.cab#version=6,0,40,0\"><param name=\"allowFullScreen\" value=\"true\" \/><param name=\"allowscriptaccess\" value=\"always\" \/><param name=\"src\" value=\"http:\/\/www.youtube.com\/v\/7gj8J7G5dyI?version=3&amp;hl=de_DE&amp;rel=0\" \/><param name=\"allowfullscreen\" value=\"true\" \/><embed width=\"469\" height=\"352\" type=\"application\/x-shockwave-flash\" src=\"http:\/\/www.youtube.com\/v\/7gj8J7G5dyI?version=3&amp;hl=de_DE&amp;rel=0\" allowFullScreen=\"true\" allowscriptaccess=\"always\" allowfullscreen=\"true\" \/><\/object><\/p>\n<p><strong>Britta Friedrich von der <em>Frankfurter Buchmesse<\/em> und Veranstalterin der die Messe begleitenden <em>StoryDrive<\/em>-Konferenz hat zusammen mit newthinking-Projekt-Mastermind Andreas Wichmann 22 Personen, die etwas mit Medien machen, aus der Zukunft des Jahres 2022 heraus befragt \u2013 darunter auch mich.<\/strong><\/p>\n<p>Da dies naturgegeben technisch schwierig ist, haben unsere &#8220;Messages from the future&#8221; <a title=\"#FBM12 StoryDrive &quot;Messages from the future&quot;\" href=\"http:\/\/www.buchmesse.de\/de\/im_Fokus\/SPARKS\/story_drive\/highflyers\/\" target=\"_blank\">[2]<\/a> einen spekulativen Blaustich und anachronistische Fehl\u00fcbertragungen aus anderen Zeitlinien (Modem-Einwahlger\u00e4usche).<\/p>\n<p>Ob meine Zeitkapsel unter der illustren Schar von Medienmenschen \u2013 u. a. G\u00fcnter Dueck, Markus Beckedahl oder Kristian Costa-Zahn \u2013 mithalten kann, sei mal euch \u00fcberlassen, zumindest habe ich mit der steilen Ansage &#8220;Analog is the new digital&#8221; die k\u00fcrzeste These \u00fcberhaupt vertreten.<\/p>\n<p>Ich habe mir alle 22 Beitr\u00e4ge angeschaut und finde das Projekt trotz der etwas formal einengenden Zukunftsmetapher gut, da hier einige auf den ersten Blick weitreichendere Science-Fiction-Szenarien zur Medienentwicklung ausgebreitet werden.<\/p>\n<p>Ich kann mir gut vorstellen, dass diese Kampagne im Vorfeld und als Countdown zur Buchmesse bei Teilen des konservativeren Publikums dort als &#8220;avantgardistisch&#8221; verstanden werden <a title=\"Facebook-Post von Andreas Wichmann\" href=\"https:\/\/www.facebook.com\/solutionscout\/posts\/2473805902192\" target=\"_blank\">[3]<\/a> \u2013 und was vielleicht nicht immer als Kompliment gemeint war.<\/p>\n<p>Ich bin im Rahmen dieses Projekts auch am Samstag, den 13. Oktober 2012 ab 13.30 auf der Frankfurter Buchmesse als Teilnehmer beim\u00a0StoryDrive Festival-Workshop &#8220;Ideenreich Zukunft: Das Morgen im Heute&#8221; anzutreffen. <a title=\"#FBM12: Interaktiver Workshop &quot;Ideenreich Zukunft: Das Morgen im Heute&quot;\" href=\"http:\/\/www.buchmesse.de\/de\/academy\/00285\/#4\" target=\"_blank\">[4]<\/a><\/p>\n<p><a title=\"Message from the future #6 &quot;Analog ist new digital&quot;\" href=\"http:\/\/www.buchmesse.de\/de\/im_Fokus\/SPARKS\/story_drive\/highflyers\/00264\/index.html\" target=\"_blank\">[1] Message from the future #6 \u2013 &#8220;Anlog ist new digital&#8221; inklusive Background-Interview<\/a><a title=\"#FBM12: Interaktiver Workshop &quot;Ideenreich Zukunft: Das Morgen im Heute&quot;\" href=\"http:\/\/www.buchmesse.de\/de\/academy\/00285\/#4\" target=\"_blank\"><br \/>\n[2]\u00a0#FBM12 StoryDrive &#8220;Messages from the future&#8221;<br \/>\n<\/a><a title=\"#FBM12: Interaktiver Workshop &quot;Ideenreich Zukunft: Das Morgen im Heute&quot;\" href=\"http:\/\/www.buchmesse.de\/de\/academy\/00285\/#4\" target=\"_blank\">[3] Facebook-Post von Andreas Wichmann<br \/>\n<\/a><a title=\"#FBM12: Interaktiver Workshop &quot;Ideenreich Zukunft: Das Morgen im Heute&quot;\" href=\"http:\/\/www.buchmesse.de\/de\/academy\/00285\/#4\" target=\"_blank\">[4]\u00a0StoryDrive Festival-Workshop &#8220;Ideenreich Zukunft: Das Morgen im Heute&#8221;<\/a><\/p>\n","protected":false},"excerpt":{"rendered":"<p>Britta Friedrich von der Frankfurter Buchmesse und Veranstalterin der die Messe begleitenden StoryDrive-Konferenz hat zusammen mit newthinking-Projekt-Mastermind Andreas Wichmann 22 Personen, die etwas mit Medien machen, aus der Zukunft des Jahres 2022 heraus befragt \u2013 darunter auch mich. Da dies naturgegeben technisch schwierig ist, haben unsere &#8220;Messages from the future&#8221; [2] einen spekulativen Blaustich und [&hellip;]<\/p>\n","protected":false},"author":3,"featured_media":0,"comment_status":"open","ping_status":"open","sticky":false,"template":"","format":"standard","meta":[],"categories":[15,1],"tags":[],"_links":{"self":[{"href":"http:\/\/www.phuturama.de\/index.php?rest_route=\/wp\/v2\/posts\/2192"}],"collection":[{"href":"http:\/\/www.phuturama.de\/index.php?rest_route=\/wp\/v2\/posts"}],"about":[{"href":"http:\/\/www.phuturama.de\/index.php?rest_route=\/wp\/v2\/types\/post"}],"author":[{"embeddable":true,"href":"http:\/\/www.phuturama.de\/index.php?rest_route=\/wp\/v2\/users\/3"}],"replies":[{"embeddable":true,"href":"http:\/\/www.phuturama.de\/index.php?rest_route=%2Fwp%2Fv2%2Fcomments&post=2192"}],"version-history":[{"count":4,"href":"http:\/\/www.phuturama.de\/index.php?rest_route=\/wp\/v2\/posts\/2192\/revisions"}],"predecessor-version":[{"id":2196,"href":"http:\/\/www.phuturama.de\/index.php?rest_route=\/wp\/v2\/posts\/2192\/revisions\/2196"}],"wp:attachment":[{"href":"http:\/\/www.phuturama.de\/index.php?rest_route=%2Fwp%2Fv2%2Fmedia&parent=2192"}],"wp:term":[{"taxonomy":"category","embeddable":true,"href":"http:\/\/www.phuturama.de\/index.php?rest_route=%2Fwp%2Fv2%2Fcategories&post=2192"},{"taxonomy":"post_tag","embeddable":true,"href":"http:\/\/www.phuturama.de\/index.php?rest_route=%2Fwp%2Fv2%2Ftags&post=2192"}],"curies":[{"name":"wp","href":"https:\/\/api.w.org\/{rel}","templated":true}]}}